{"id":2235,"date":"2018-03-02T14:44:28","date_gmt":"2018-03-02T12:44:28","guid":{"rendered":"https:\/\/cath-vn.ch\/?p=2235"},"modified":"2018-09-19T10:39:55","modified_gmt":"2018-09-19T08:39:55","slug":"muc-vu-thang-03-2018-2","status":"publish","type":"post","link":"https:\/\/cath-vn.ch\/?p=2235","title":{"rendered":"M\u1ee5c v\u1ee5 th\u00e1ng 03.2018 &#8230;&#8230;&#8230;&#8230;"},"content":{"rendered":"<h3 style=\"text-align: center;\"><img loading=\"lazy\" decoding=\"async\" class=\"alignnone size-full wp-image-427\" src=\"https:\/\/cath-vn.ch\/wp-content\/uploads\/2018\/04\/mucvu600.jpg\" alt=\"\" width=\"600\" height=\"156\" srcset=\"https:\/\/cath-vn.ch\/wp-content\/uploads\/2018\/04\/mucvu600.jpg 600w, https:\/\/cath-vn.ch\/wp-content\/uploads\/2018\/04\/mucvu600-300x78.jpg 300w\" sizes=\"(max-width: 600px) 100vw, 600px\" \/><br \/>\n<a href=\"http:\/\/mucvu.ch\/mucvu\/03.2018\/index.html\" target=\"_blank\" rel=\"noopener\">M\u1ee4C V\u1ee4 TH\u00c1NG 03.2018<\/a><\/h3>\n<h4><strong>M\u1ee5c v\u1ee5 c\u1ed9ng \u0111o\u00e0n Fribourg<\/strong><\/h4>\n<ul>\n<li>Th\u1ee9 s\u00e1u 23.03, 20g \u0111\u1ebfn Ch\u00faa nh\u1eadt 25.03 : C\u1ea5m ph\u00f2ng m\u00f9a chay, Notre-Dame de Fatima (Orsonnens)<br \/>\n<em>Xin ghi t\u00ean n\u01a1i Th\u1ea7y s\u00e1u Cung B\u00ednh Duy\u1ec7t, <\/em><em>T\u00e9l. 026 466 38 76 \/ 079 517 05 20<\/em><\/li>\n<\/ul>\n<ul>\n<li>Ch\u00faa nh\u1eadt 25.03, 10g: R\u01b0\u1edbc L\u00e1 &amp; Th\u00e1nh l\u1ec5, Notre-Dame de Fatima (Orsonnens)<\/li>\n<li><strong>Th\u1ee9 s\u00e1u 30.03<\/strong><strong>, 1<\/strong><strong>5<\/strong><strong>g, <\/strong><strong>Th\u1ee9 s\u00e1u Tu\u1ea7n Th\u00e1nh<\/strong><strong>, <\/strong><strong>St<\/strong><strong>-Justin <\/strong><strong>(Fribourg)<\/strong><\/li>\n<li><strong>Th\u1ee9 b\u1ea3y 31.03, 20g, V\u1ecdng Ph\u1ee5c sinh, St-Justin (Fribourg)<\/strong><\/li>\n<\/ul>\n<h4><strong>Sinh ho\u1ea1t c\u1ed9ng \u0111o\u00e0n Fribourg<\/strong><strong>:<\/strong><\/h4>\n<h5>L\u1edbp Vi\u1ec7t ng\u1eef :<\/h5>\n<p>S\u00e1ng th\u1ee9 b\u1ea3y h\u00e0ng tu\u1ea7n t\u1eeb 9g45 \u0111\u1ebfn 11g45, t\u1ea1i Ecole des Rochette, Des Platanes 23-29, 1752 Villars-sur-Gl\u00e2ne<\/p>\n<h5>Ch\u1ea7u m\u00ecnh Th\u00e1nh Ch\u00faa:<\/h5>\n<ul>\n<li>Th\u1ee9 s\u00e1u ng\u00e0y 02.03, l\u00fac 20g, t\u1ea1i nguy\u1ec7n \u0111\u01b0\u1eddng \u0111\u1ea1i h\u1ecdc Fribourg<\/li>\n<\/ul>\n<h5><u>\u0110\u1ecdc kinh H\u1ed9i Ph\u1ea1t T\u1ea1 N\u1eef V\u01b0\u01a1ng Gia \u0110\u00ecnh: <\/u><\/h5>\n<ul>\n<li>Th\u1ee9 b\u1ea3y 10.03, l\u00fac 19g, nh\u00e0 AC Nguy\u1ec5n H\u1eefu Ngh\u0129a, Pr\u00e9 de l\u2019Etang 18, 1752 Villars-sur-Gl\u00e2ne<\/li>\n<\/ul>\n<h4><strong>M\u1ee5c V\u1ee5 c\u1ed9ng \u0111o\u00e0n Lausanne<\/strong><\/h4>\n<ul>\n<li>Th\u00e1ng 03 : kh\u00f4ng c\u00f3 Th\u00e1nh l\u1ec5 c\u1ed9ng \u0111o\u00e0n<\/li>\n<li>Th\u1ee9 B\u1ea3y 03.03, 19g15 : \u0110\u1ecdc kinh k\u00ednh \u0110\u1ee9c M\u1eb9 \u0111\u1ea7u th\u00e1ng v\u00e0 ch\u1ea7u m\u00ecnh Th\u00e1nh Ch\u00faa t\u1ea1i nh\u00e0 th\u1edd St.Joseph<\/li>\n<li>Th\u1ee9 s\u00e1u 23.03, 20g \u0111\u1ebfn Ch\u00faa nh\u1eadt 25.03 : C\u1ea5m ph\u00f2ng m\u00f9a chay, Notre-Dame de Fatima (Orsonnens)<br \/>\n<em>Xin ghi t\u00ean n\u01a1i Th\u1ea7y s\u00e1u V\u00f5 Ti\u1ebft C\u01b0\u01a1ng, <\/em><em>T\u00e9l. 079 502 88 66<\/em><\/li>\n<li>Ch\u00faa nh\u1eadt 25.03, 10g: R\u01b0\u1edbc L\u00e1 &amp; Th\u00e1nh l\u1ec5, Notre-Dame de Fatima (Orsonnens)<\/li>\n<\/ul>\n<h4><strong>Sinh ho\u1ea1t c\u1ed9ng \u0111o\u00e0n Lausanne<\/strong><strong>:<\/strong><\/h4>\n<h5>L\u1edbp Vi\u1ec7t Ng\u1eef :<\/h5>\n<p>Xin ghi t\u00ean v\u1edbi Anh Nguy\u1ec5n Thanh Tu\u1ea5n:<\/p>\n<ul>\n<li>\u0110T nh\u00e0: 021.701 01 65<\/li>\n<li>\u0110T di \u0111\u1ed9ng: 079.477 19 34<\/li>\n<li>Email: thanhtuan.nguyen@epfl.ch<\/li>\n<\/ul>\n<h4><strong><br \/>\nM\u1ee5c V\u1ee5 &amp; Sinh ho\u1ea1t c\u1ed9ng \u0111o\u00e0n Gen\u00e8ve<\/strong><\/h4>\n<ul>\n<li>Th\u1ee9 B\u1ea3y 10.03: \u0110\u1ecdc kinh T\u00f4n V\u01b0\u01a1ng \u0110\u1ee9c M\u1eb9 l\u00fac 18g30 t\u1ea1i 18, avenue Suisse, Th\u00f4nex<\/li>\n<li>Ch\u00faa nh\u1eadt 18.03: Th\u00e1nh L\u1ec5 l\u00fac 15g t\u1ea1i St- Fran\u00e7ois de Sales<\/li>\n<li>Th\u1ee9 s\u00e1u 23.03, 20g \u0111\u1ebfn Ch\u00faa nh\u1eadt 25.03 : C\u1ea5m ph\u00f2ng m\u00f9a chay, Notre-Dame de Fatima (Orsonnens)<\/li>\n<li>Ch\u00faa nh\u1eadt 25.03, 10g: R\u01b0\u1edbc L\u00e1 &amp; Th\u00e1nh l\u1ec5, Notre-Dame de Fatima (Orsonnens)<\/li>\n<\/ul>\n<h4><strong><br \/>\nM\u1ee5c V\u1ee5 c\u1ed9ng \u0111o\u00e0n Vevey<\/strong><\/h4>\n<ul>\n<li>Th\u00e1ng 03 : kh\u00f4ng c\u00f3 Th\u00e1nh l\u1ec5 c\u1ed9ng \u0111o\u00e0n<\/li>\n<li>Th\u1ee9 s\u00e1u 23.03, 20g \u0111\u1ebfn Ch\u00faa nh\u1eadt 25.03 : C\u1ea5m ph\u00f2ng m\u00f9a chay, Notre-Dame de Fatima (Orsonnens)<\/li>\n<li>Ch\u00faa nh\u1eadt 25.03, 10g: R\u01b0\u1edbc L\u00e1 &amp; Th\u00e1nh l\u1ec5, Notre-Dame de Fatima (Orsonnens)<\/li>\n<\/ul>\n","protected":false},"excerpt":{"rendered":"<h6>M\u1ee5c v\u1ee5 c\u1ed9ng \u0111o\u00e0n Fribourg<\/h6>\n<ul>\n<li>Th\u1ee9 s\u00e1u 23.03, 20g \u0111\u1ebfn Ch\u00faa nh\u1eadt 25.03 : C\u1ea5m ph\u00f2ng m\u00f9a chay, Notre-Dame de Fatima (Orsonnens)<br \/>\n<em>Xin ghi t\u00ean n\u01a1i Th\u1ea7y s\u00e1u Cung B\u00ednh Duy\u1ec7t, <\/em><em>T\u00e9l. 026 466 38 76 \/ 079 517 05 20<\/em><\/li>\n<li>Ch\u00faa nh\u1eadt 25.03, 10g: R\u01b0\u1edbc L\u00e1 &amp; Th\u00e1nh l\u1ec5, Notre-Dame de Fatima (Orsonnens)<\/li>\n<p>&#8230;<\/ul>\n","protected":false},"author":1,"featured_media":711,"comment_status":"closed","ping_status":"closed","sticky":false,"template":"","format":"standard","meta":{"_et_pb_use_builder":"","_et_pb_old_content":"","_et_gb_content_width":"","footnotes":""},"categories":[14],"tags":[],"table_tags":[],"class_list":["post-2235","post","type-post","status-publish","format-standard","has-post-thumbnail","hentry","category-muc-vu"],"_links":{"self":[{"href":"https:\/\/cath-vn.ch\/index.php?rest_route=\/wp\/v2\/posts\/2235","targetHints":{"allow":["GET"]}}],"collection":[{"href":"https:\/\/cath-vn.ch\/index.php?rest_route=\/wp\/v2\/posts"}],"about":[{"href":"https:\/\/cath-vn.ch\/index.php?rest_route=\/wp\/v2\/types\/post"}],"author":[{"embeddable":true,"href":"https:\/\/cath-vn.ch\/index.php?rest_route=\/wp\/v2\/users\/1"}],"replies":[{"embeddable":true,"href":"https:\/\/cath-vn.ch\/index.php?rest_route=%2Fwp%2Fv2%2Fcomments&post=2235"}],"version-history":[{"count":5,"href":"https:\/\/cath-vn.ch\/index.php?rest_route=\/wp\/v2\/posts\/2235\/revisions"}],"predecessor-version":[{"id":2489,"href":"https:\/\/cath-vn.ch\/index.php?rest_route=\/wp\/v2\/posts\/2235\/revisions\/2489"}],"wp:featuredmedia":[{"embeddable":true,"href":"https:\/\/cath-vn.ch\/index.php?rest_route=\/wp\/v2\/media\/711"}],"wp:attachment":[{"href":"https:\/\/cath-vn.ch\/index.php?rest_route=%2Fwp%2Fv2%2Fmedia&parent=2235"}],"wp:term":[{"taxonomy":"category","embeddable":true,"href":"https:\/\/cath-vn.ch\/index.php?rest_route=%2Fwp%2Fv2%2Fcategories&post=2235"},{"taxonomy":"post_tag","embeddable":true,"href":"https:\/\/cath-vn.ch\/index.php?rest_route=%2Fwp%2Fv2%2Ftags&post=2235"},{"taxonomy":"table_tags","embeddable":true,"href":"https:\/\/cath-vn.ch\/index.php?rest_route=%2Fwp%2Fv2%2Ftable_tags&post=2235"}],"curies":[{"name":"wp","href":"https:\/\/api.w.org\/{rel}","templated":true}]}}