{"id":3582,"date":"2020-05-31T11:44:59","date_gmt":"2020-05-31T09:44:59","guid":{"rendered":"https:\/\/cath-vn.ch\/?p=3582"},"modified":"2020-05-31T11:45:01","modified_gmt":"2020-05-31T09:45:01","slug":"cam-ta","status":"publish","type":"post","link":"https:\/\/cath-vn.ch\/?p=3582","title":{"rendered":"C\u1ea3m T\u1ea1 \u2026\u2026\u2026\u2026\u2026\u2026\u2026\u2026\u2026\u2026\u2026\u2026\u2026\u2026."},"content":{"rendered":"\n<p class=\"has-text-align-center has-large-font-size\"><strong>C\u1ea2M T\u1ea0<\/strong><\/p>\n\n\n\n<p class=\"has-text-align-center\"><strong>Gia \u0111\u00ecnh ch\u00fang con xin ch\u00e2n th\u00e0nh\ntri \u00e2n<\/strong><\/p>\n\n\n\n<p class=\"has-text-align-center\">Cha Tuy\u00ean \u00fay Giuse Ph\u1ea1m Minh V\u0103n, qu\u00ed\nCha, qu\u00ed Th\u00e0y Ph\u00f3 t\u1ebf, qu\u00ed Th\u00e0y, qu\u00ed S\u0153urs,<\/p>\n\n\n\n<p class=\"has-text-align-center\">Qu\u00ed \u00d4ng B\u00e0, Anh Ch\u1ecb Em trong C\u1ed9ng\n\u0111o\u00e0n C\u00f4ng gi\u00e1o Vi\u1ec7t nam t\u1ea1i Th\u1ee5y s\u0129, <\/p>\n\n\n\n<p class=\"has-text-align-center\">C\u00e1c Ban H\u00e0nh Gi\u00e1o&nbsp;: Gi\u00e1o \u0111o\u00e0n\nTh\u00e1nh Ant\u00f4n Qu\u1ef3nh, C\u1ed9ng \u0111o\u00e0n C\u00f4ng gi\u00e1o Vi\u1ec7t Nam t\u1ea1i Fribourg, Gen\u00e8ve, Lausanne,\nVevey, <\/p>\n\n\n\n<p class=\"has-text-align-center\">To\u00e0n th\u1ec3 qu\u00ed \u00d4ng B\u00e0 Anh Ch\u1ecb Em h\u1ecd\nh\u00e0ng, th\u00e2n h\u1eefu \u0111\u00e3 chia bu\u1ed3n, g\u00f3p l\u1eddi c\u1ea7u nguy\u1ec7n cho&nbsp; <\/p>\n\n\n\n<p class=\"has-text-align-center has-medium-font-size\"><strong>B\u00e0 L\u00ea Th\u1ecb Ho\u1ea1t<\/strong><\/p>\n\n\n\n<p class=\"has-text-align-center\">qua \u0111\u1eddi t\u1ea1i San Jos\u00e9 CA USA ng\u00e0y 27.03.2020, h\u01b0\u1ecfng th\u1ecd\n89 tu\u1ed5i<\/p>\n\n\n\n<p class=\"has-text-align-center\">Thay m\u1eb7t\ntang quy\u1ebfn t\u1ea1i San Jos\u00e9 USA v\u00e0 t\u1ea1i Fribourg Th\u1ee5y s\u0129<\/p>\n\n\n\n<p class=\"has-text-align-center\"><strong>Cung Ho\u00e0i Ph\u01b0\u01a1ng<\/strong><\/p>\n","protected":false},"excerpt":{"rendered":"<p>C\u1ea2M T\u1ea0 Gia \u0111\u00ecnh ch\u00fang con xin ch\u00e2n th\u00e0nh tri \u00e2n Cha Tuy\u00ean \u00fay Giuse Ph\u1ea1m Minh V\u0103n, qu\u00ed Cha, qu\u00ed Th\u00e0y Ph\u00f3 t\u1ebf, qu\u00ed Th\u00e0y, qu\u00ed S\u0153urs, Qu\u00ed \u00d4ng B\u00e0, Anh Ch\u1ecb Em trong C\u1ed9ng \u0111o\u00e0n C\u00f4ng gi\u00e1o Vi\u1ec7t<\/p>\n","protected":false},"author":1,"featured_media":966,"comment_status":"closed","ping_status":"closed","sticky":false,"template":"","format":"standard","meta":{"_et_pb_use_builder":"","_et_pb_old_content":"","_et_gb_content_width":"","footnotes":""},"categories":[16],"tags":[],"table_tags":[],"class_list":["post-3582","post","type-post","status-publish","format-standard","has-post-thumbnail","hentry","category-tin-tuc-fribourg"],"_links":{"self":[{"href":"https:\/\/cath-vn.ch\/index.php?rest_route=\/wp\/v2\/posts\/3582","targetHints":{"allow":["GET"]}}],"collection":[{"href":"https:\/\/cath-vn.ch\/index.php?rest_route=\/wp\/v2\/posts"}],"about":[{"href":"https:\/\/cath-vn.ch\/index.php?rest_route=\/wp\/v2\/types\/post"}],"author":[{"embeddable":true,"href":"https:\/\/cath-vn.ch\/index.php?rest_route=\/wp\/v2\/users\/1"}],"replies":[{"embeddable":true,"href":"https:\/\/cath-vn.ch\/index.php?rest_route=%2Fwp%2Fv2%2Fcomments&post=3582"}],"version-history":[{"count":1,"href":"https:\/\/cath-vn.ch\/index.php?rest_route=\/wp\/v2\/posts\/3582\/revisions"}],"predecessor-version":[{"id":3583,"href":"https:\/\/cath-vn.ch\/index.php?rest_route=\/wp\/v2\/posts\/3582\/revisions\/3583"}],"wp:featuredmedia":[{"embeddable":true,"href":"https:\/\/cath-vn.ch\/index.php?rest_route=\/wp\/v2\/media\/966"}],"wp:attachment":[{"href":"https:\/\/cath-vn.ch\/index.php?rest_route=%2Fwp%2Fv2%2Fmedia&parent=3582"}],"wp:term":[{"taxonomy":"category","embeddable":true,"href":"https:\/\/cath-vn.ch\/index.php?rest_route=%2Fwp%2Fv2%2Fcategories&post=3582"},{"taxonomy":"post_tag","embeddable":true,"href":"https:\/\/cath-vn.ch\/index.php?rest_route=%2Fwp%2Fv2%2Ftags&post=3582"},{"taxonomy":"table_tags","embeddable":true,"href":"https:\/\/cath-vn.ch\/index.php?rest_route=%2Fwp%2Fv2%2Ftable_tags&post=3582"}],"curies":[{"name":"wp","href":"https:\/\/api.w.org\/{rel}","templated":true}]}}