{"id":3614,"date":"2020-08-09T10:33:00","date_gmt":"2020-08-09T08:33:00","guid":{"rendered":"https:\/\/cath-vn.ch\/?p=3614"},"modified":"2020-08-12T23:26:55","modified_gmt":"2020-08-12T21:26:55","slug":"ai-tin-18","status":"publish","type":"post","link":"https:\/\/cath-vn.ch\/?p=3614","title":{"rendered":"Ai tin \u2026\u2026\u2026\u2026\u2026\u2026\u2026\u2026\u2026\u2026\u2026\u2026\u2026\u2026\u2026.."},"content":{"rendered":"\n<h1 class=\"has-text-align-center wp-block-heading\"><strong>AI TIN<\/strong><\/h1>\n\n\n\n<p>\u0110\u01b0\u1ee3c tin bu\u1ed3n<\/p>\n\n\n\n<h2 class=\"has-text-align-center wp-block-heading\"><strong>B\u00e0 <\/strong>Tr\u1ea7n Th\u1ecb B\u00edch N\u01b0\u01a1ng<\/h2>\n\n\n\n<p class=\"has-text-align-center\">l\u00e0 th\u00e2n m\u1eabu c\u1ee7a ch\u1ecb  V\u0169 L\u00ea Minh Ph\u01b0\u1ee3ng <\/p>\n\n\n\n<p> <em>\u0111\u00e3 t\u1ea1 th\u1ebf ng\u00e0y th\u1ee9 hai 27.07.2020 t\u1ea1i S\u00e0i g\u00f2n, Vi\u1ec7t nam, h\u01b0\u1edfng th\u1ecd 81 tu\u1ed5i.<\/em><\/p>\n\n\n\n<p>C\u1ed9ng \u0111o\u00e0n C\u00f4ng Gi\u00e1o Fribourg ch\u00e2n th\u00e0nh ph\u00e2n \u01b0u c\u00f9ng anh ch\u1ecb Ph\u01b0\u1ee3ng Kh\u1ea3i, c\u00e1c ch\u00e1u Anne v\u00e0 Vincent, c\u00f9ng to\u00e0n th\u1ec3 tang quy\u1ebfn.<\/p>\n\n\n\n<p> Nguy\u1ec7n xin cho h\u01b0\u01a1ng h\u1ed3n c\u1ee7a ng\u01b0\u1eddi qu\u00e1 c\u1ed1 thanh tho\u00e1t mau v\u1ec1 b\u1ebfn c\u00f5i v\u0129nh h\u1eb1ng b\u00ecnh y\u00ean. <\/p>\n","protected":false},"excerpt":{"rendered":"<p>AI TIN \u0110\u01b0\u1ee3c tin bu\u1ed3n B\u00e0 Tr\u1ea7n Th\u1ecb B\u00edch N\u01b0\u01a1ng l\u00e0 th\u00e2n m\u1eabu c\u1ee7a ch\u1ecb V\u0169 L\u00ea Minh Ph\u01b0\u1ee3ng \u0111\u00e3 t\u1ea1 th\u1ebf ng\u00e0y th\u1ee9 hai 27.07.2020 t\u1ea1i S\u00e0i g\u00f2n, Vi\u1ec7t nam, h\u01b0\u1edfng th\u1ecd 81 tu\u1ed5i. C\u1ed9ng \u0111o\u00e0n C\u00f4ng Gi\u00e1o Fribourg<\/p>\n","protected":false},"author":1,"featured_media":2758,"comment_status":"closed","ping_status":"closed","sticky":false,"template":"","format":"standard","meta":{"_et_pb_use_builder":"","_et_pb_old_content":"","_et_gb_content_width":"","footnotes":""},"categories":[16],"tags":[],"table_tags":[],"class_list":["post-3614","post","type-post","status-publish","format-standard","has-post-thumbnail","hentry","category-tin-tuc-fribourg"],"_links":{"self":[{"href":"https:\/\/cath-vn.ch\/index.php?rest_route=\/wp\/v2\/posts\/3614","targetHints":{"allow":["GET"]}}],"collection":[{"href":"https:\/\/cath-vn.ch\/index.php?rest_route=\/wp\/v2\/posts"}],"about":[{"href":"https:\/\/cath-vn.ch\/index.php?rest_route=\/wp\/v2\/types\/post"}],"author":[{"embeddable":true,"href":"https:\/\/cath-vn.ch\/index.php?rest_route=\/wp\/v2\/users\/1"}],"replies":[{"embeddable":true,"href":"https:\/\/cath-vn.ch\/index.php?rest_route=%2Fwp%2Fv2%2Fcomments&post=3614"}],"version-history":[{"count":3,"href":"https:\/\/cath-vn.ch\/index.php?rest_route=\/wp\/v2\/posts\/3614\/revisions"}],"predecessor-version":[{"id":3628,"href":"https:\/\/cath-vn.ch\/index.php?rest_route=\/wp\/v2\/posts\/3614\/revisions\/3628"}],"wp:featuredmedia":[{"embeddable":true,"href":"https:\/\/cath-vn.ch\/index.php?rest_route=\/wp\/v2\/media\/2758"}],"wp:attachment":[{"href":"https:\/\/cath-vn.ch\/index.php?rest_route=%2Fwp%2Fv2%2Fmedia&parent=3614"}],"wp:term":[{"taxonomy":"category","embeddable":true,"href":"https:\/\/cath-vn.ch\/index.php?rest_route=%2Fwp%2Fv2%2Fcategories&post=3614"},{"taxonomy":"post_tag","embeddable":true,"href":"https:\/\/cath-vn.ch\/index.php?rest_route=%2Fwp%2Fv2%2Ftags&post=3614"},{"taxonomy":"table_tags","embeddable":true,"href":"https:\/\/cath-vn.ch\/index.php?rest_route=%2Fwp%2Fv2%2Ftable_tags&post=3614"}],"curies":[{"name":"wp","href":"https:\/\/api.w.org\/{rel}","templated":true}]}}